{"id":2027,"date":"2025-12-05T13:54:16","date_gmt":"2025-12-05T16:54:16","guid":{"rendered":"https:\/\/clientehostix.com.br\/pharmacosmeticos\/?p=2027"},"modified":"2025-12-05T13:54:18","modified_gmt":"2025-12-05T16:54:18","slug":"cuidados-com-os-cabelos-das-criancas-guia-completo-para-pais-que-buscam-produtos-seguros-e-eficazes","status":"publish","type":"post","link":"https:\/\/clientehostix.com.br\/pharmacosmeticos\/2025\/12\/05\/cuidados-com-os-cabelos-das-criancas-guia-completo-para-pais-que-buscam-produtos-seguros-e-eficazes\/","title":{"rendered":"Cuidados com os Cabelos das Crian\u00e7as: Guia Completo para Pais que Buscam Produtos Seguros e Eficazes"},"content":{"rendered":"\n<p>Cuidar dos cabelos das crian\u00e7as exige aten\u00e7\u00e3o especial. Diferente dos adultos, os fios infantis s\u00e3o mais finos, sens\u00edveis e est\u00e3o em fase de desenvolvimento. Isso significa que o uso de produtos inadequados pode causar ressecamento, alergias e at\u00e9 prejudicar o crescimento saud\u00e1vel. Pensando nisso, marcas especializadas t\u00eam criado linhas infantis com f\u00f3rmulas seguras, leves e dermatologicamente testadas.<\/p>\n\n\n\n<p>Se voc\u00ea \u00e9 pai, m\u00e3e ou respons\u00e1vel e quer garantir cuidado di\u00e1rio sem complica\u00e7\u00e3o, este guia re\u00fane as principais recomenda\u00e7\u00f5es para um cuidado capilar infantil simples, seguro e eficiente.<\/p>\n\n\n\n<hr class=\"wp-block-separator has-alpha-channel-opacity\"\/>\n\n\n\n<h2 class=\"wp-block-heading\">Por que os fios infantis precisam de cuidados espec\u00edficos?<\/h2>\n\n\n\n<p>Os cabelos das crian\u00e7as possuem caracter\u00edsticas \u00fanicas. Entre as principais diferen\u00e7as est\u00e3o:<\/p>\n\n\n\n<p><strong>1. Fios mais finos e com menos queratina<\/strong><br>Isso os torna mais suscet\u00edveis a quebra, embara\u00e7o e frizz.<\/p>\n\n\n\n<p><strong>2. Couro cabeludo mais sens\u00edvel<\/strong><br>Formulas agressivas podem causar irrita\u00e7\u00e3o e descama\u00e7\u00e3o, por isso \u00e9 essencial optar por produtos desenvolvidos para o p\u00fablico infantil.<\/p>\n\n\n\n<p><strong>3. Produ\u00e7\u00e3o de oleosidade regulada<\/strong><br>O couro cabeludo das crian\u00e7as ainda est\u00e1 em forma\u00e7\u00e3o, e o excesso de ativos pode desbalancear essa prote\u00e7\u00e3o natural.<\/p>\n\n\n\n<hr class=\"wp-block-separator has-alpha-channel-opacity\"\/>\n\n\n\n<h2 class=\"wp-block-heading\">Como montar uma rotina de cuidados capilares para crian\u00e7as<\/h2>\n\n\n\n<p>A rotina ideal deve ser simples e adaptada ao tipo de fio da crian\u00e7a. Confira as orienta\u00e7\u00f5es principais:<\/p>\n\n\n\n<h3 class=\"wp-block-heading\">1. Lavagem suave<\/h3>\n\n\n\n<p>Opte por shampoos sem sulfatos agressivos, corantes ou parabenos. Eles limpam sem retirar a hidrata\u00e7\u00e3o natural dos fios.<\/p>\n\n\n\n<h3 class=\"wp-block-heading\">2. Hidrata\u00e7\u00e3o leve<\/h3>\n\n\n\n<p>Uso semanal de condicionadores infantis ajuda a evitar embara\u00e7os e proporciona maciez sem pesar.<\/p>\n\n\n\n<h3 class=\"wp-block-heading\">3. Desembara\u00e7o sem dor<\/h3>\n\n\n\n<p>Invista em cremes para pentear com textura leve, que ajudem a deslizar a escova e reduzam a quebra.<\/p>\n\n\n\n<h3 class=\"wp-block-heading\">4. Prote\u00e7\u00e3o di\u00e1ria<\/h3>\n\n\n\n<p>Para crian\u00e7as que brincam muito ao ar livre, f\u00f3rmulas com prote\u00e7\u00e3o contra raios UV e polui\u00e7\u00e3o s\u00e3o \u00f3timas aliadas.<\/p>\n\n\n\n<hr class=\"wp-block-separator has-alpha-channel-opacity\"\/>\n\n\n\n<h2 class=\"wp-block-heading\">Cuidados especiais para cada tipo de cabelo infantil<\/h2>\n\n\n\n<p>Cada tipo de fio precisa de aten\u00e7\u00e3o espec\u00edfica. Veja as recomenda\u00e7\u00f5es:<\/p>\n\n\n\n<p><strong>Cabelos lisos<\/strong><br>Exigem f\u00f3rmulas leves que n\u00e3o deixem o fio oleoso. O foco \u00e9 brilho e suavidade.<\/p>\n\n\n\n<p><strong>Cabelos cacheados<\/strong><br>Precisam de mais hidrata\u00e7\u00e3o e produtos com maior poder de desembara\u00e7o para manter os cachos definidos e macios.<\/p>\n\n\n\n<p><strong>Cabelos crespos<\/strong><br>S\u00e3o naturalmente mais secos, portanto se beneficiam de cremes nutritivos e \u00f3leos vegetais seguros para uso infantil.<\/p>\n\n\n\n<hr class=\"wp-block-separator has-alpha-channel-opacity\"\/>\n\n\n\n<h2 class=\"wp-block-heading\">Como escolher produtos realmente seguros para crian\u00e7as?<\/h2>\n\n\n\n<p>Alguns pontos essenciais ao analisar r\u00f3tulos:<\/p>\n\n\n\n<ul class=\"wp-block-list\">\n<li>Produtos testados dermatologicamente<\/li>\n\n\n\n<li>F\u00f3rmulas sem \u00e1lcool et\u00edlico<\/li>\n\n\n\n<li>Ingredientes hipoalerg\u00eanicos<\/li>\n\n\n\n<li>Aus\u00eancia de corantes e fragr\u00e2ncias agressivas<\/li>\n\n\n\n<li>Marcas que utilizam ingredientes suaves, como extratos naturais e agentes condicionantes leves<\/li>\n<\/ul>\n\n\n\n<hr class=\"wp-block-separator has-alpha-channel-opacity\"\/>\n\n\n\n<h2 class=\"wp-block-heading\">A import\u00e2ncia de transformar o momento do cuidado em um ritual positivo<\/h2>\n\n\n\n<p>O banho e o cuidado com os cabelos podem ser momentos de conex\u00e3o. Ao escolher produtos com fragr\u00e2ncia suave, boa espalhabilidade e f\u00e1ceis de enxaguar, os pais criam uma rotina agrad\u00e1vel e confort\u00e1vel para as crian\u00e7as. Isso fortalece a autoestima desde cedo e ensina bons h\u00e1bitos de autocuidado.<\/p>\n\n\n\n<hr class=\"wp-block-separator has-alpha-channel-opacity\"\/>\n\n\n\n<h2 class=\"wp-block-heading\">Conclus\u00e3o<\/h2>\n\n\n\n<p>Investir em produtos capilares infantis de qualidade \u00e9 mais do que uma escolha est\u00e9tica. \u00c9 uma forma de proteger o couro cabeludo sens\u00edvel, garantir o desenvolvimento saud\u00e1vel dos fios e criar uma rotina leve e prazerosa para toda a fam\u00edlia. Com formulas seguras e pensadas especialmente para os pequenos, a linha Kids da sua empresa pode se tornar refer\u00eancia em cuidado, conforto e confian\u00e7a para pais exigentes.<\/p>\n","protected":false},"excerpt":{"rendered":"<p>Cuidar dos cabelos das crian\u00e7as exige aten\u00e7\u00e3o especial. Diferente dos adultos, os fios infantis s\u00e3o mais finos, sens\u00edveis e est\u00e3o em fase de desenvolvimento. Isso significa que o uso de produtos inadequados pode causar ressecamento, alergias e at\u00e9 prejudicar o crescimento saud\u00e1vel. Pensando nisso, marcas especializadas t\u00eam criado linhas infantis com f\u00f3rmulas seguras, leves e [&hellip;]<\/p>\n","protected":false},"author":1,"featured_media":2028,"comment_status":"open","ping_status":"open","sticky":false,"template":"","format":"standard","meta":{"_monsterinsights_skip_tracking":false,"_monsterinsights_sitenote_active":false,"_monsterinsights_sitenote_note":"","_monsterinsights_sitenote_category":0,"footnotes":""},"categories":[1],"tags":[],"class_list":["post-2027","post","type-post","status-publish","format-standard","has-post-thumbnail","hentry","category-sem-categoria"],"_links":{"self":[{"href":"https:\/\/clientehostix.com.br\/pharmacosmeticos\/wp-json\/wp\/v2\/posts\/2027","targetHints":{"allow":["GET"]}}],"collection":[{"href":"https:\/\/clientehostix.com.br\/pharmacosmeticos\/wp-json\/wp\/v2\/posts"}],"about":[{"href":"https:\/\/clientehostix.com.br\/pharmacosmeticos\/wp-json\/wp\/v2\/types\/post"}],"author":[{"embeddable":true,"href":"https:\/\/clientehostix.com.br\/pharmacosmeticos\/wp-json\/wp\/v2\/users\/1"}],"replies":[{"embeddable":true,"href":"https:\/\/clientehostix.com.br\/pharmacosmeticos\/wp-json\/wp\/v2\/comments?post=2027"}],"version-history":[{"count":1,"href":"https:\/\/clientehostix.com.br\/pharmacosmeticos\/wp-json\/wp\/v2\/posts\/2027\/revisions"}],"predecessor-version":[{"id":2029,"href":"https:\/\/clientehostix.com.br\/pharmacosmeticos\/wp-json\/wp\/v2\/posts\/2027\/revisions\/2029"}],"wp:featuredmedia":[{"embeddable":true,"href":"https:\/\/clientehostix.com.br\/pharmacosmeticos\/wp-json\/wp\/v2\/media\/2028"}],"wp:attachment":[{"href":"https:\/\/clientehostix.com.br\/pharmacosmeticos\/wp-json\/wp\/v2\/media?parent=2027"}],"wp:term":[{"taxonomy":"category","embeddable":true,"href":"https:\/\/clientehostix.com.br\/pharmacosmeticos\/wp-json\/wp\/v2\/categories?post=2027"},{"taxonomy":"post_tag","embeddable":true,"href":"https:\/\/clientehostix.com.br\/pharmacosmeticos\/wp-json\/wp\/v2\/tags?post=2027"}],"curies":[{"name":"wp","href":"https:\/\/api.w.org\/{rel}","templated":true}]}}