{"id":554,"date":"2025-04-22T14:45:55","date_gmt":"2025-04-22T17:45:55","guid":{"rendered":"https:\/\/clientehostix.com.br\/blogtimo\/?p=554"},"modified":"2025-04-22T15:01:33","modified_gmt":"2025-04-22T18:01:33","slug":"como-montar-o-guarda-roupa-infantil-ideal-para-cada-fase-da-crianca","status":"publish","type":"post","link":"https:\/\/clientehostix.com.br\/blogtimo\/2025\/04\/22\/como-montar-o-guarda-roupa-infantil-ideal-para-cada-fase-da-crianca\/","title":{"rendered":"Como montar o guarda-roupa infantil ideal para cada fase da crian\u00e7a"},"content":{"rendered":"\n<p>Montar o guarda-roupa ideal para as crian\u00e7as exige mais do que bom gosto. <strong>Antes de tudo<\/strong>, \u00e9 necess\u00e1rio considerar as necessidades de cada idade, o ritmo de crescimento, e claro, a praticidade na rotina da fam\u00edlia.<\/p>\n\n\n\n<p><strong>Por esse motivo<\/strong>, conhecer as etapas do desenvolvimento infantil ajuda a fazer escolhas mais inteligentes, evitando desperd\u00edcios e garantindo conforto em todos os momentos. <strong>Se voc\u00ea busca roupas para crian\u00e7as<\/strong> que unam qualidade e economia, este guia vai te mostrar como acertar em cada detalhe.<\/p>\n\n\n\n<hr class=\"wp-block-separator has-alpha-channel-opacity\"\/>\n\n\n\n<h3 class=\"wp-block-heading\"><strong>1. Fase beb\u00ea (Tamanhos P ao G): conforto acima de tudo<\/strong><\/h3>\n\n\n\n<p>Nos primeiros meses, o beb\u00ea precisa de aconchego e prote\u00e7\u00e3o. <strong>Portanto<\/strong>, o guarda-roupa deve ser composto por pe\u00e7as suaves ao toque, respir\u00e1veis e que respeitem a sensibilidade da pele.<\/p>\n\n\n\n<p><strong>Al\u00e9m disso<\/strong>, roupas com aberturas pr\u00e1ticas facilitam o dia a dia. Bodies, macac\u00f5es, culotes e conjuntinhos de malha s\u00e3o indispens\u00e1veis. <strong>Ali\u00e1s<\/strong>, tecidos como algod\u00e3o e suedine s\u00e3o ideais para manter o conforto t\u00e9rmico e a liberdade de movimento.<\/p>\n\n\n\n<p><strong>Outro ponto importante<\/strong> \u00e9 lembrar que os beb\u00eas crescem muito r\u00e1pido. Por isso, n\u00e3o vale a pena exagerar na quantidade. <strong>Na Timo Moda Kids<\/strong>, voc\u00ea encontra uma linha completa de <strong>roupas de beb\u00ea<\/strong> com qualidade, conforto e \u00f3timo custo-benef\u00edcio para todas as esta\u00e7\u00f5es.<\/p>\n\n\n\n<hr class=\"wp-block-separator has-alpha-channel-opacity\"\/>\n\n\n\n<h3 class=\"wp-block-heading\"><strong>2. Primeira inf\u00e2ncia (1 a 4 anos): roupas que acompanham a energia<\/strong><\/h3>\n\n\n\n<p>Com a descoberta do mundo, as crian\u00e7as passam a brincar mais, correr e se movimentar com mais intensidade. <strong>Consequentemente<\/strong>, precisam de pe\u00e7as resistentes e que acompanhem esse ritmo.<\/p>\n\n\n\n<p><strong>Por isso<\/strong>, invista em camisetas de malha, cal\u00e7as com el\u00e1stico, vestidos soltinhos e conjuntos vers\u00e1teis. <strong>Inclusive<\/strong>, estampas com personagens infantis s\u00e3o \u00f3timas aliadas para tornar a rotina mais divertida e estimular a autonomia.<\/p>\n\n\n\n<p><strong>Al\u00e9m do mais<\/strong>, kits promocionais como os da Timo \u2014 com <strong>3 pe\u00e7as por R$100,00<\/strong> \u2014 s\u00e3o uma excelente escolha para quem deseja montar um guarda-roupa completo gastando pouco. <strong>Assim<\/strong>, \u00e9 poss\u00edvel unir economia, conforto e variedade em uma \u00fanica compra.<\/p>\n\n\n\n<hr class=\"wp-block-separator has-alpha-channel-opacity\"\/>\n\n\n\n<h3 class=\"wp-block-heading\"><strong>3. Idade escolar (5 a 9 anos): rotina pr\u00e1tica com estilo<\/strong><\/h3>\n\n\n\n<p>A rotina escolar exige roupas funcionais e confort\u00e1veis. <strong>Nesse sentido<\/strong>, as pe\u00e7as precisam ser dur\u00e1veis, f\u00e1ceis de lavar e permitir movimentos sem limita\u00e7\u00f5es.<\/p>\n\n\n\n<p><strong>Portanto<\/strong>, aposte em conjuntos coordenados, camisetas com estampas modernas, leggings, bermudas e cal\u00e7as de malha. <strong>Nesse per\u00edodo<\/strong>, as crian\u00e7as j\u00e1 demonstram mais personalidade, ent\u00e3o incluir op\u00e7\u00f5es variadas \u00e9 sempre uma boa ideia.<\/p>\n\n\n\n<p><strong>Marcas como a roupa infantil Brandili<\/strong>, por exemplo, oferecem o equil\u00edbrio ideal entre conforto, beleza e resist\u00eancia. E claro, todas essas op\u00e7\u00f5es est\u00e3o dispon\u00edveis na <strong>Timo Moda Kids<\/strong>, tanto em nossas lojas quanto na loja online.<\/p>\n\n\n\n<hr class=\"wp-block-separator has-alpha-channel-opacity\"\/>\n\n\n\n<h3 class=\"wp-block-heading\"><strong>4. Pr\u00e9-adolesc\u00eancia (10 a 12 anos): identidade e conforto lado a lado<\/strong><\/h3>\n\n\n\n<p>Nessa fase, o guarda-roupa infantil come\u00e7a a ganhar tra\u00e7os de estilo mais definidos. <strong>Portanto<\/strong>, \u00e9 essencial respeitar o gosto da crian\u00e7a e oferecer pe\u00e7as que equilibrem moda e funcionalidade.<\/p>\n\n\n\n<p>Cal\u00e7as jogger, camisetas com frases, jaquetas de nylon e blusas de moletom s\u00e3o excelentes escolhas. <strong>Al\u00e9m disso<\/strong>, para os dias frios, temos uma cole\u00e7\u00e3o especial de <strong>roupa de frio menino<\/strong> e <strong>roupa de frio menina<\/strong>, pensada para oferecer conforto t\u00e9rmico com muito estilo.<\/p>\n\n\n\n<p><strong>N\u00e3o podemos esquecer<\/strong> que, mesmo nessa fase, conforto ainda \u00e9 prioridade. <strong>A Timo Kids<\/strong>, por exemplo, conta com cole\u00e7\u00f5es pensadas para o p\u00fablico juvenil, com cortes modernos, tecidos macios e cores atuais.<\/p>\n\n\n\n<hr class=\"wp-block-separator has-alpha-channel-opacity\"\/>\n\n\n\n<h3 class=\"wp-block-heading\"><strong>Dicas extras para economizar com intelig\u00eancia<\/strong><\/h3>\n\n\n\n<p><strong>Atualmente<\/strong>, \u00e9 cada vez mais comum buscar roupas que ofere\u00e7am durabilidade sem pesar no or\u00e7amento. <strong>Nesse cen\u00e1rio<\/strong>, escolher as marcas e os fornecedores certos faz toda a diferen\u00e7a.<\/p>\n\n\n\n<p><strong>Felizmente<\/strong>, a Timo Moda Kids trabalha com as melhores marcas do mercado infantil, como Kyly, Brandili, Tilesul, Anale e Cleomara. <strong>Al\u00e9m disso<\/strong>, somos refer\u00eancia em <strong>moda infantil no Br\u00e1s<\/strong>, com atendimento tanto no atacado quanto no varejo.<\/p>\n\n\n\n<p>Se voc\u00ea procura uma <strong>loja de roupa infantil no Br\u00e1s<\/strong> ou deseja comprar em uma <strong>loja de roupa infantil em S\u00e3o Paulo<\/strong> com pre\u00e7os acess\u00edveis, qualidade e bom atendimento, a Timo \u00e9 o seu lugar certo.<strong>E tem mais<\/strong>: nossa loja online entrega para todo o Brasil, garantindo seguran\u00e7a, agilidade e as mesmas promo\u00e7\u00f5es que voc\u00ea encontra nas lojas f\u00edsicas.<\/p>\n","protected":false},"excerpt":{"rendered":"<p>Montar o guarda-roupa ideal para as crian\u00e7as exige mais do que bom gosto. Antes de tudo, \u00e9 necess\u00e1rio considerar as necessidades de cada idade, o ritmo de crescimento, e claro, a praticidade na rotina da fam\u00edlia. Por esse motivo, conhecer as etapas do desenvolvimento infantil ajuda a fazer escolhas mais inteligentes, evitando desperd\u00edcios e garantindo conforto em todos os momentos. Se voc\u00ea busca roupas para crian\u00e7as que unam qualidade e economia, este guia vai te mostrar como acertar em cada detalhe. 1. Fase beb\u00ea (Tamanhos P ao G): conforto acima de tudo Nos primeiros meses, o beb\u00ea precisa de aconchego e prote\u00e7\u00e3o. Portanto, o guarda-roupa deve ser composto por pe\u00e7as suaves ao toque, respir\u00e1veis e que respeitem a sensibilidade da pele. Al\u00e9m disso, roupas com aberturas pr\u00e1ticas facilitam o dia a dia. Bodies, macac\u00f5es, culotes e conjuntinhos de malha s\u00e3o indispens\u00e1veis. Ali\u00e1s, tecidos como algod\u00e3o e suedine s\u00e3o ideais para manter o conforto t\u00e9rmico e a liberdade de movimento. Outro ponto importante \u00e9 lembrar que os beb\u00eas crescem muito r\u00e1pido. Por isso, n\u00e3o vale a pena exagerar na quantidade. Na Timo Moda Kids, voc\u00ea encontra uma linha completa de roupas de beb\u00ea com qualidade, conforto e \u00f3timo custo-benef\u00edcio para todas as esta\u00e7\u00f5es. 2. Primeira inf\u00e2ncia (1 a 4 anos): roupas que acompanham a energia Com a descoberta do mundo, as crian\u00e7as passam a brincar mais, correr e se movimentar com mais intensidade. Consequentemente, precisam de pe\u00e7as resistentes e que acompanhem esse ritmo. Por isso, invista em camisetas de malha, cal\u00e7as com el\u00e1stico, vestidos soltinhos e conjuntos vers\u00e1teis. Inclusive, estampas com personagens infantis s\u00e3o \u00f3timas aliadas para tornar a rotina mais divertida e estimular a autonomia. Al\u00e9m do mais, kits promocionais como os da Timo \u2014 com 3 pe\u00e7as por R$100,00 \u2014 s\u00e3o uma excelente escolha para quem deseja montar um guarda-roupa completo gastando pouco. Assim, \u00e9 poss\u00edvel unir economia, conforto e variedade em uma \u00fanica compra. 3. Idade escolar (5 a 9 anos): rotina pr\u00e1tica com estilo A rotina escolar exige roupas funcionais e confort\u00e1veis. Nesse sentido, as pe\u00e7as precisam ser dur\u00e1veis, f\u00e1ceis de lavar e permitir movimentos sem limita\u00e7\u00f5es. Portanto, aposte em conjuntos coordenados, camisetas com estampas modernas, leggings, bermudas e cal\u00e7as de malha. Nesse per\u00edodo, as crian\u00e7as j\u00e1 demonstram mais personalidade, ent\u00e3o incluir op\u00e7\u00f5es variadas \u00e9 sempre uma boa ideia. Marcas como a roupa infantil Brandili, por exemplo, oferecem o equil\u00edbrio ideal entre conforto, beleza e resist\u00eancia. E claro, todas essas op\u00e7\u00f5es est\u00e3o dispon\u00edveis na Timo Moda Kids, tanto em nossas lojas quanto na loja online. 4. Pr\u00e9-adolesc\u00eancia (10 a 12 anos): identidade e conforto lado a lado Nessa fase, o guarda-roupa infantil come\u00e7a a ganhar tra\u00e7os de estilo mais definidos. Portanto, \u00e9 essencial respeitar o gosto da crian\u00e7a e oferecer pe\u00e7as que equilibrem moda e funcionalidade. Cal\u00e7as jogger, camisetas com frases, jaquetas de nylon e blusas de moletom s\u00e3o excelentes escolhas. Al\u00e9m disso, para os dias frios, temos uma cole\u00e7\u00e3o especial de roupa de frio menino e roupa de frio menina, pensada para oferecer conforto t\u00e9rmico com muito estilo. N\u00e3o podemos esquecer que, mesmo nessa fase, conforto ainda \u00e9 prioridade. A Timo Kids, por exemplo, conta com cole\u00e7\u00f5es pensadas para o p\u00fablico juvenil, com cortes modernos, tecidos macios e cores atuais. Dicas extras para economizar com intelig\u00eancia Atualmente, \u00e9 cada vez mais comum buscar roupas que ofere\u00e7am durabilidade sem pesar no or\u00e7amento. Nesse cen\u00e1rio, escolher as marcas e os fornecedores certos faz toda a diferen\u00e7a. Felizmente, a Timo Moda Kids trabalha com as melhores marcas do mercado infantil, como Kyly, Brandili, Tilesul, Anale e Cleomara. Al\u00e9m disso, somos refer\u00eancia em moda infantil no Br\u00e1s, com atendimento tanto no atacado quanto no varejo. Se voc\u00ea procura uma loja de roupa infantil no Br\u00e1s ou deseja comprar em uma loja de roupa infantil em S\u00e3o Paulo com pre\u00e7os acess\u00edveis, qualidade e bom atendimento, a Timo \u00e9 o seu lugar certo.E tem mais: nossa loja online entrega para todo o Brasil, garantindo seguran\u00e7a, agilidade e as mesmas promo\u00e7\u00f5es que voc\u00ea encontra nas lojas f\u00edsicas.<\/p>\n","protected":false},"author":2,"featured_media":557,"comment_status":"open","ping_status":"open","sticky":false,"template":"","format":"standard","meta":{"footnotes":""},"categories":[1],"tags":[],"class_list":["post-554","post","type-post","status-publish","format-standard","has-post-thumbnail","hentry","category-dicas-timo"],"yoast_head":"<!-- This site is optimized with the Yoast SEO plugin v24.7 - https:\/\/yoast.com\/wordpress\/plugins\/seo\/ -->\n<title>Como montar o guarda-roupa infantil ideal para cada fase da crian\u00e7a - Blog - TimoKids<\/title>\n<meta name=\"description\" content=\"Montar o guarda-roupa ideal para as crian\u00e7as exige mais do que bom gosto. Antes de tudo, \u00e9 necess\u00e1rio considerar as necessidades de cada idade, o ritmo de crescimento,\" \/>\n<meta name=\"robots\" content=\"index, follow, max-snippet:-1, max-image-preview:large, max-video-preview:-1\" \/>\n<link rel=\"canonical\" href=\"https:\/\/clientehostix.com.br\/blogtimo\/2025\/04\/22\/como-montar-o-guarda-roupa-infantil-ideal-para-cada-fase-da-crianca\/\" \/>\n<meta property=\"og:locale\" content=\"pt_BR\" \/>\n<meta property=\"og:type\" content=\"article\" \/>\n<meta property=\"og:title\" content=\"Como montar o guarda-roupa infantil ideal para cada fase da crian\u00e7a - Blog - TimoKids\" \/>\n<meta property=\"og:description\" content=\"Montar o guarda-roupa ideal para as crian\u00e7as exige mais do que bom gosto. Antes de tudo, \u00e9 necess\u00e1rio considerar as necessidades de cada idade, o ritmo de crescimento,\" \/>\n<meta property=\"og:url\" content=\"https:\/\/clientehostix.com.br\/blogtimo\/2025\/04\/22\/como-montar-o-guarda-roupa-infantil-ideal-para-cada-fase-da-crianca\/\" \/>\n<meta property=\"og:site_name\" content=\"Blog - TimoKids\" \/>\n<meta property=\"article:published_time\" content=\"2025-04-22T17:45:55+00:00\" \/>\n<meta property=\"article:modified_time\" content=\"2025-04-22T18:01:33+00:00\" \/>\n<meta property=\"og:image\" content=\"https:\/\/clientehostix.com.br\/blogtimo\/wp-content\/uploads\/2025\/04\/Banner-2-1.jpg\" \/>\n\t<meta property=\"og:image:width\" content=\"1280\" \/>\n\t<meta property=\"og:image:height\" content=\"720\" \/>\n\t<meta property=\"og:image:type\" content=\"image\/jpeg\" \/>\n<meta name=\"author\" content=\"Timo Kids\" \/>\n<meta name=\"twitter:card\" content=\"summary_large_image\" \/>\n<meta name=\"twitter:label1\" content=\"Escrito por\" \/>\n\t<meta name=\"twitter:data1\" content=\"Timo Kids\" \/>\n\t<meta name=\"twitter:label2\" content=\"Est. tempo de leitura\" \/>\n\t<meta name=\"twitter:data2\" content=\"4 minutos\" \/>\n<script type=\"application\/ld+json\" class=\"yoast-schema-graph\">{\"@context\":\"https:\/\/schema.org\",\"@graph\":[{\"@type\":\"Article\",\"@id\":\"https:\/\/clientehostix.com.br\/blogtimo\/2025\/04\/22\/como-montar-o-guarda-roupa-infantil-ideal-para-cada-fase-da-crianca\/#article\",\"isPartOf\":{\"@id\":\"https:\/\/clientehostix.com.br\/blogtimo\/2025\/04\/22\/como-montar-o-guarda-roupa-infantil-ideal-para-cada-fase-da-crianca\/\"},\"author\":{\"name\":\"Timo Kids\",\"@id\":\"https:\/\/clientehostix.com.br\/blogtimo\/#\/schema\/person\/dfc20df4edd7a3136df74a120758d2ed\"},\"headline\":\"Como montar o guarda-roupa infantil ideal para cada fase da crian\u00e7a\",\"datePublished\":\"2025-04-22T17:45:55+00:00\",\"dateModified\":\"2025-04-22T18:01:33+00:00\",\"mainEntityOfPage\":{\"@id\":\"https:\/\/clientehostix.com.br\/blogtimo\/2025\/04\/22\/como-montar-o-guarda-roupa-infantil-ideal-para-cada-fase-da-crianca\/\"},\"wordCount\":734,\"commentCount\":0,\"publisher\":{\"@id\":\"https:\/\/clientehostix.com.br\/blogtimo\/#organization\"},\"image\":{\"@id\":\"https:\/\/clientehostix.com.br\/blogtimo\/2025\/04\/22\/como-montar-o-guarda-roupa-infantil-ideal-para-cada-fase-da-crianca\/#primaryimage\"},\"thumbnailUrl\":\"https:\/\/clientehostix.com.br\/blogtimo\/wp-content\/uploads\/2025\/04\/Banner-2-1.jpg\",\"articleSection\":[\"Dicas Timo\"],\"inLanguage\":\"pt-BR\",\"potentialAction\":[{\"@type\":\"CommentAction\",\"name\":\"Comment\",\"target\":[\"https:\/\/clientehostix.com.br\/blogtimo\/2025\/04\/22\/como-montar-o-guarda-roupa-infantil-ideal-para-cada-fase-da-crianca\/#respond\"]}]},{\"@type\":\"WebPage\",\"@id\":\"https:\/\/clientehostix.com.br\/blogtimo\/2025\/04\/22\/como-montar-o-guarda-roupa-infantil-ideal-para-cada-fase-da-crianca\/\",\"url\":\"https:\/\/clientehostix.com.br\/blogtimo\/2025\/04\/22\/como-montar-o-guarda-roupa-infantil-ideal-para-cada-fase-da-crianca\/\",\"name\":\"Como montar o guarda-roupa infantil ideal para cada fase da crian\u00e7a - Blog - TimoKids\",\"isPartOf\":{\"@id\":\"https:\/\/clientehostix.com.br\/blogtimo\/#website\"},\"primaryImageOfPage\":{\"@id\":\"https:\/\/clientehostix.com.br\/blogtimo\/2025\/04\/22\/como-montar-o-guarda-roupa-infantil-ideal-para-cada-fase-da-crianca\/#primaryimage\"},\"image\":{\"@id\":\"https:\/\/clientehostix.com.br\/blogtimo\/2025\/04\/22\/como-montar-o-guarda-roupa-infantil-ideal-para-cada-fase-da-crianca\/#primaryimage\"},\"thumbnailUrl\":\"https:\/\/clientehostix.com.br\/blogtimo\/wp-content\/uploads\/2025\/04\/Banner-2-1.jpg\",\"datePublished\":\"2025-04-22T17:45:55+00:00\",\"dateModified\":\"2025-04-22T18:01:33+00:00\",\"description\":\"Montar o guarda-roupa ideal para as crian\u00e7as exige mais do que bom gosto. Antes de tudo, \u00e9 necess\u00e1rio considerar as necessidades de cada idade, o ritmo de crescimento,\",\"breadcrumb\":{\"@id\":\"https:\/\/clientehostix.com.br\/blogtimo\/2025\/04\/22\/como-montar-o-guarda-roupa-infantil-ideal-para-cada-fase-da-crianca\/#breadcrumb\"},\"inLanguage\":\"pt-BR\",\"potentialAction\":[{\"@type\":\"ReadAction\",\"target\":[\"https:\/\/clientehostix.com.br\/blogtimo\/2025\/04\/22\/como-montar-o-guarda-roupa-infantil-ideal-para-cada-fase-da-crianca\/\"]}]},{\"@type\":\"ImageObject\",\"inLanguage\":\"pt-BR\",\"@id\":\"https:\/\/clientehostix.com.br\/blogtimo\/2025\/04\/22\/como-montar-o-guarda-roupa-infantil-ideal-para-cada-fase-da-crianca\/#primaryimage\",\"url\":\"https:\/\/clientehostix.com.br\/blogtimo\/wp-content\/uploads\/2025\/04\/Banner-2-1.jpg\",\"contentUrl\":\"https:\/\/clientehostix.com.br\/blogtimo\/wp-content\/uploads\/2025\/04\/Banner-2-1.jpg\",\"width\":1280,\"height\":720},{\"@type\":\"BreadcrumbList\",\"@id\":\"https:\/\/clientehostix.com.br\/blogtimo\/2025\/04\/22\/como-montar-o-guarda-roupa-infantil-ideal-para-cada-fase-da-crianca\/#breadcrumb\",\"itemListElement\":[{\"@type\":\"ListItem\",\"position\":1,\"name\":\"In\u00edcio\",\"item\":\"https:\/\/clientehostix.com.br\/blogtimo\/\"},{\"@type\":\"ListItem\",\"position\":2,\"name\":\"Como montar o guarda-roupa infantil ideal para cada fase da crian\u00e7a\"}]},{\"@type\":\"WebSite\",\"@id\":\"https:\/\/clientehostix.com.br\/blogtimo\/#website\",\"url\":\"https:\/\/clientehostix.com.br\/blogtimo\/\",\"name\":\"Blog\",\"description\":\"\",\"publisher\":{\"@id\":\"https:\/\/clientehostix.com.br\/blogtimo\/#organization\"},\"potentialAction\":[{\"@type\":\"SearchAction\",\"target\":{\"@type\":\"EntryPoint\",\"urlTemplate\":\"https:\/\/clientehostix.com.br\/blogtimo\/?s={search_term_string}\"},\"query-input\":{\"@type\":\"PropertyValueSpecification\",\"valueRequired\":true,\"valueName\":\"search_term_string\"}}],\"inLanguage\":\"pt-BR\"},{\"@type\":\"Organization\",\"@id\":\"https:\/\/clientehostix.com.br\/blogtimo\/#organization\",\"name\":\"Blog\",\"url\":\"https:\/\/clientehostix.com.br\/blogtimo\/\",\"logo\":{\"@type\":\"ImageObject\",\"inLanguage\":\"pt-BR\",\"@id\":\"https:\/\/clientehostix.com.br\/blogtimo\/#\/schema\/logo\/image\/\",\"url\":\"https:\/\/clientehostix.com.br\/blogtimo\/wp-content\/uploads\/2024\/03\/fa3482addd.webp\",\"contentUrl\":\"https:\/\/clientehostix.com.br\/blogtimo\/wp-content\/uploads\/2024\/03\/fa3482addd.webp\",\"width\":1920,\"height\":650,\"caption\":\"Blog\"},\"image\":{\"@id\":\"https:\/\/clientehostix.com.br\/blogtimo\/#\/schema\/logo\/image\/\"}},{\"@type\":\"Person\",\"@id\":\"https:\/\/clientehostix.com.br\/blogtimo\/#\/schema\/person\/dfc20df4edd7a3136df74a120758d2ed\",\"name\":\"Timo Kids\",\"image\":{\"@type\":\"ImageObject\",\"inLanguage\":\"pt-BR\",\"@id\":\"https:\/\/clientehostix.com.br\/blogtimo\/#\/schema\/person\/image\/\",\"url\":\"https:\/\/secure.gravatar.com\/avatar\/80c12280ebc922c9afedb8b52a6c5463d4185b0f7294b9d5a7db796aaa8b8eb0?s=96&d=mm&r=g\",\"contentUrl\":\"https:\/\/secure.gravatar.com\/avatar\/80c12280ebc922c9afedb8b52a6c5463d4185b0f7294b9d5a7db796aaa8b8eb0?s=96&d=mm&r=g\",\"caption\":\"Timo Kids\"},\"sameAs\":[\"http:\/\/timokidscal\u00e7ados.com.br\"],\"url\":\"https:\/\/clientehostix.com.br\/blogtimo\/author\/timo_kids\/\"}]}<\/script>\n<!-- \/ Yoast SEO plugin. -->","yoast_head_json":{"title":"Como montar o guarda-roupa infantil ideal para cada fase da crian\u00e7a - Blog - TimoKids","description":"Montar o guarda-roupa ideal para as crian\u00e7as exige mais do que bom gosto. Antes de tudo, \u00e9 necess\u00e1rio considerar as necessidades de cada idade, o ritmo de crescimento,","robots":{"index":"index","follow":"follow","max-snippet":"max-snippet:-1","max-image-preview":"max-image-preview:large","max-video-preview":"max-video-preview:-1"},"canonical":"https:\/\/clientehostix.com.br\/blogtimo\/2025\/04\/22\/como-montar-o-guarda-roupa-infantil-ideal-para-cada-fase-da-crianca\/","og_locale":"pt_BR","og_type":"article","og_title":"Como montar o guarda-roupa infantil ideal para cada fase da crian\u00e7a - Blog - TimoKids","og_description":"Montar o guarda-roupa ideal para as crian\u00e7as exige mais do que bom gosto. Antes de tudo, \u00e9 necess\u00e1rio considerar as necessidades de cada idade, o ritmo de crescimento,","og_url":"https:\/\/clientehostix.com.br\/blogtimo\/2025\/04\/22\/como-montar-o-guarda-roupa-infantil-ideal-para-cada-fase-da-crianca\/","og_site_name":"Blog - TimoKids","article_published_time":"2025-04-22T17:45:55+00:00","article_modified_time":"2025-04-22T18:01:33+00:00","og_image":[{"width":1280,"height":720,"url":"https:\/\/clientehostix.com.br\/blogtimo\/wp-content\/uploads\/2025\/04\/Banner-2-1.jpg","type":"image\/jpeg"}],"author":"Timo Kids","twitter_card":"summary_large_image","twitter_misc":{"Escrito por":"Timo Kids","Est. tempo de leitura":"4 minutos"},"schema":{"@context":"https:\/\/schema.org","@graph":[{"@type":"Article","@id":"https:\/\/clientehostix.com.br\/blogtimo\/2025\/04\/22\/como-montar-o-guarda-roupa-infantil-ideal-para-cada-fase-da-crianca\/#article","isPartOf":{"@id":"https:\/\/clientehostix.com.br\/blogtimo\/2025\/04\/22\/como-montar-o-guarda-roupa-infantil-ideal-para-cada-fase-da-crianca\/"},"author":{"name":"Timo Kids","@id":"https:\/\/clientehostix.com.br\/blogtimo\/#\/schema\/person\/dfc20df4edd7a3136df74a120758d2ed"},"headline":"Como montar o guarda-roupa infantil ideal para cada fase da crian\u00e7a","datePublished":"2025-04-22T17:45:55+00:00","dateModified":"2025-04-22T18:01:33+00:00","mainEntityOfPage":{"@id":"https:\/\/clientehostix.com.br\/blogtimo\/2025\/04\/22\/como-montar-o-guarda-roupa-infantil-ideal-para-cada-fase-da-crianca\/"},"wordCount":734,"commentCount":0,"publisher":{"@id":"https:\/\/clientehostix.com.br\/blogtimo\/#organization"},"image":{"@id":"https:\/\/clientehostix.com.br\/blogtimo\/2025\/04\/22\/como-montar-o-guarda-roupa-infantil-ideal-para-cada-fase-da-crianca\/#primaryimage"},"thumbnailUrl":"https:\/\/clientehostix.com.br\/blogtimo\/wp-content\/uploads\/2025\/04\/Banner-2-1.jpg","articleSection":["Dicas Timo"],"inLanguage":"pt-BR","potentialAction":[{"@type":"CommentAction","name":"Comment","target":["https:\/\/clientehostix.com.br\/blogtimo\/2025\/04\/22\/como-montar-o-guarda-roupa-infantil-ideal-para-cada-fase-da-crianca\/#respond"]}]},{"@type":"WebPage","@id":"https:\/\/clientehostix.com.br\/blogtimo\/2025\/04\/22\/como-montar-o-guarda-roupa-infantil-ideal-para-cada-fase-da-crianca\/","url":"https:\/\/clientehostix.com.br\/blogtimo\/2025\/04\/22\/como-montar-o-guarda-roupa-infantil-ideal-para-cada-fase-da-crianca\/","name":"Como montar o guarda-roupa infantil ideal para cada fase da crian\u00e7a - Blog - TimoKids","isPartOf":{"@id":"https:\/\/clientehostix.com.br\/blogtimo\/#website"},"primaryImageOfPage":{"@id":"https:\/\/clientehostix.com.br\/blogtimo\/2025\/04\/22\/como-montar-o-guarda-roupa-infantil-ideal-para-cada-fase-da-crianca\/#primaryimage"},"image":{"@id":"https:\/\/clientehostix.com.br\/blogtimo\/2025\/04\/22\/como-montar-o-guarda-roupa-infantil-ideal-para-cada-fase-da-crianca\/#primaryimage"},"thumbnailUrl":"https:\/\/clientehostix.com.br\/blogtimo\/wp-content\/uploads\/2025\/04\/Banner-2-1.jpg","datePublished":"2025-04-22T17:45:55+00:00","dateModified":"2025-04-22T18:01:33+00:00","description":"Montar o guarda-roupa ideal para as crian\u00e7as exige mais do que bom gosto. Antes de tudo, \u00e9 necess\u00e1rio considerar as necessidades de cada idade, o ritmo de crescimento,","breadcrumb":{"@id":"https:\/\/clientehostix.com.br\/blogtimo\/2025\/04\/22\/como-montar-o-guarda-roupa-infantil-ideal-para-cada-fase-da-crianca\/#breadcrumb"},"inLanguage":"pt-BR","potentialAction":[{"@type":"ReadAction","target":["https:\/\/clientehostix.com.br\/blogtimo\/2025\/04\/22\/como-montar-o-guarda-roupa-infantil-ideal-para-cada-fase-da-crianca\/"]}]},{"@type":"ImageObject","inLanguage":"pt-BR","@id":"https:\/\/clientehostix.com.br\/blogtimo\/2025\/04\/22\/como-montar-o-guarda-roupa-infantil-ideal-para-cada-fase-da-crianca\/#primaryimage","url":"https:\/\/clientehostix.com.br\/blogtimo\/wp-content\/uploads\/2025\/04\/Banner-2-1.jpg","contentUrl":"https:\/\/clientehostix.com.br\/blogtimo\/wp-content\/uploads\/2025\/04\/Banner-2-1.jpg","width":1280,"height":720},{"@type":"BreadcrumbList","@id":"https:\/\/clientehostix.com.br\/blogtimo\/2025\/04\/22\/como-montar-o-guarda-roupa-infantil-ideal-para-cada-fase-da-crianca\/#breadcrumb","itemListElement":[{"@type":"ListItem","position":1,"name":"In\u00edcio","item":"https:\/\/clientehostix.com.br\/blogtimo\/"},{"@type":"ListItem","position":2,"name":"Como montar o guarda-roupa infantil ideal para cada fase da crian\u00e7a"}]},{"@type":"WebSite","@id":"https:\/\/clientehostix.com.br\/blogtimo\/#website","url":"https:\/\/clientehostix.com.br\/blogtimo\/","name":"Blog","description":"","publisher":{"@id":"https:\/\/clientehostix.com.br\/blogtimo\/#organization"},"potentialAction":[{"@type":"SearchAction","target":{"@type":"EntryPoint","urlTemplate":"https:\/\/clientehostix.com.br\/blogtimo\/?s={search_term_string}"},"query-input":{"@type":"PropertyValueSpecification","valueRequired":true,"valueName":"search_term_string"}}],"inLanguage":"pt-BR"},{"@type":"Organization","@id":"https:\/\/clientehostix.com.br\/blogtimo\/#organization","name":"Blog","url":"https:\/\/clientehostix.com.br\/blogtimo\/","logo":{"@type":"ImageObject","inLanguage":"pt-BR","@id":"https:\/\/clientehostix.com.br\/blogtimo\/#\/schema\/logo\/image\/","url":"https:\/\/clientehostix.com.br\/blogtimo\/wp-content\/uploads\/2024\/03\/fa3482addd.webp","contentUrl":"https:\/\/clientehostix.com.br\/blogtimo\/wp-content\/uploads\/2024\/03\/fa3482addd.webp","width":1920,"height":650,"caption":"Blog"},"image":{"@id":"https:\/\/clientehostix.com.br\/blogtimo\/#\/schema\/logo\/image\/"}},{"@type":"Person","@id":"https:\/\/clientehostix.com.br\/blogtimo\/#\/schema\/person\/dfc20df4edd7a3136df74a120758d2ed","name":"Timo Kids","image":{"@type":"ImageObject","inLanguage":"pt-BR","@id":"https:\/\/clientehostix.com.br\/blogtimo\/#\/schema\/person\/image\/","url":"https:\/\/secure.gravatar.com\/avatar\/80c12280ebc922c9afedb8b52a6c5463d4185b0f7294b9d5a7db796aaa8b8eb0?s=96&d=mm&r=g","contentUrl":"https:\/\/secure.gravatar.com\/avatar\/80c12280ebc922c9afedb8b52a6c5463d4185b0f7294b9d5a7db796aaa8b8eb0?s=96&d=mm&r=g","caption":"Timo Kids"},"sameAs":["http:\/\/timokidscal\u00e7ados.com.br"],"url":"https:\/\/clientehostix.com.br\/blogtimo\/author\/timo_kids\/"}]}},"_links":{"self":[{"href":"https:\/\/clientehostix.com.br\/blogtimo\/wp-json\/wp\/v2\/posts\/554","targetHints":{"allow":["GET"]}}],"collection":[{"href":"https:\/\/clientehostix.com.br\/blogtimo\/wp-json\/wp\/v2\/posts"}],"about":[{"href":"https:\/\/clientehostix.com.br\/blogtimo\/wp-json\/wp\/v2\/types\/post"}],"author":[{"embeddable":true,"href":"https:\/\/clientehostix.com.br\/blogtimo\/wp-json\/wp\/v2\/users\/2"}],"replies":[{"embeddable":true,"href":"https:\/\/clientehostix.com.br\/blogtimo\/wp-json\/wp\/v2\/comments?post=554"}],"version-history":[{"count":1,"href":"https:\/\/clientehostix.com.br\/blogtimo\/wp-json\/wp\/v2\/posts\/554\/revisions"}],"predecessor-version":[{"id":555,"href":"https:\/\/clientehostix.com.br\/blogtimo\/wp-json\/wp\/v2\/posts\/554\/revisions\/555"}],"wp:featuredmedia":[{"embeddable":true,"href":"https:\/\/clientehostix.com.br\/blogtimo\/wp-json\/wp\/v2\/media\/557"}],"wp:attachment":[{"href":"https:\/\/clientehostix.com.br\/blogtimo\/wp-json\/wp\/v2\/media?parent=554"}],"wp:term":[{"taxonomy":"category","embeddable":true,"href":"https:\/\/clientehostix.com.br\/blogtimo\/wp-json\/wp\/v2\/categories?post=554"},{"taxonomy":"post_tag","embeddable":true,"href":"https:\/\/clientehostix.com.br\/blogtimo\/wp-json\/wp\/v2\/tags?post=554"}],"curies":[{"name":"wp","href":"https:\/\/api.w.org\/{rel}","templated":true}]}}